{"id":15191,"date":"2019-01-24T14:58:20","date_gmt":"2019-01-24T14:58:20","guid":{"rendered":"https:\/\/www.araozyrueda.com\/?p=15191"},"modified":"2019-04-05T08:09:58","modified_gmt":"2019-04-05T08:09:58","slug":"ainhoa-%e2%80%8b%e2%80%8bveiga-participates-in-iii-international-arbitration-current-perspectives-organized-by-the-uia","status":"publish","type":"post","link":"https:\/\/www.araozyrueda.com\/en\/ainhoa-%e2%80%8b%e2%80%8bveiga-participates-in-iii-international-arbitration-current-perspectives-organized-by-the-uia\/","title":{"rendered":"Ainhoa \u200b\u200bVeiga participates in &#8220;III International Arbitration, Current Perspectives&#8221; organized by the UIA"},"content":{"rendered":"<p>Nuestra socia <a href=\"https:\/\/www.araozyrueda.com\/team\/ainhoa-veiga\/\" target=\"_blank\" rel=\"noopener noreferrer\"><strong>Ainhoa Veiga<\/strong><\/a> participa en el tercer &#8220;Arbitraje Internacional, Perspectivas Actuales&#8221; organizado por la <strong>UIA\u00a0<\/strong>en colaboraci\u00f3n con el Ilustre Colegio de la Abogac\u00eda de Bizkaia y con el especial patrocinio de la Corte Civil y Mercantil de Arbitraje (CIMA).<\/p>\n<p>Ainhoa ser\u00e1 la encargada de moderar una mesa de debate sobre el arbitraje en materia de Competencia, que contar\u00e1 con diferentes expertos del sector, en un acto que se celebrar\u00e1 entre el 25 y el 26 de enero en la sede del <strong>Ilustre Colegio de Abogados de Bizkaia<\/strong><\/p>\n<p>El evento, en cuyo comit\u00e9 organizador est\u00e1 nuestro compa\u00f1ero <strong><a href=\"https:\/\/www.araozyrueda.com\/team\/angel-s-freire\/\" target=\"_blank\" rel=\"noopener noreferrer\">\u00c1ngel S. Freire<\/a><\/strong> como director adjunto de la <strong>Uni\u00f3n Internacional de Abogados<\/strong>, est\u00e1 patrocinado por el Consejo General de la Abogac\u00eda Espa\u00f1ola y por la Corte Civil y Mercantil de Arbitraje. El objetivo del seminario, que este a\u00f1o cumple su tercera edici\u00f3n consecutiva, es reunir a abogados y diferentes expertos del \u00e1mbito del arbitraje, tanto del \u00e1mbito privado como del institucional, para <strong>compartir conocimientos y analizar el presente y el futuro de la mediaci\u00f3n y el arbitraje como soluci\u00f3n alternativa de conflictos.<\/strong><\/p>\n<p>Puede consultar el programa completo del seminario <a href=\"https:\/\/www.araozyrueda.com\/wp-content\/uploads\/2019\/01\/Jornadas-Arbitraje-Bilbao_UIA-2019.pdf\" target=\"_blank\" rel=\"noopener noreferrer\">en este enlace.<\/a><\/p>\n<p><a href=\"https:\/\/www.araozyrueda.com\/\" target=\"_blank\" rel=\"noopener noreferrer\"><strong>Araoz &amp; Rueda<\/strong><\/a><\/p>\n<p>&nbsp;<\/p>\n","protected":false},"excerpt":{"rendered":"<p>Nuestra socia Ainhoa Veiga participa en el tercer &#8220;Arbitraje Internacional, Perspectivas Actuales&#8221; organizado por la UIA\u00a0en colaboraci\u00f3n con el Ilustre Colegio de la Abogac\u00eda de Bizkaia y con el especial patrocinio de la Corte Civil y Mercantil de Arbitraje (CIMA). Ainhoa ser\u00e1 la encargada de moderar una mesa de debate sobre el arbitraje en materia [&hellip;]<\/p>\n","protected":false},"author":5,"featured_media":0,"comment_status":"open","ping_status":"open","sticky":false,"template":"","format":"standard","meta":{"_acf_changed":false,"footnotes":""},"categories":[6],"tags":[189],"abogado":[],"area":[],"class_list":["post-15191","post","type-post","status-publish","format-standard","hentry","category-araoz-rueda","tag-arbitraje-en"],"acf":[],"yoast_head":"<!-- This site is optimized with the Yoast SEO plugin v27.4 - https:\/\/yoast.com\/product\/yoast-seo-wordpress\/ -->\n<title>Ainhoa \u200b\u200bVeiga participates in &quot;III International Arbitration, Current Perspectives&quot; organized by the UIA - Araoz &amp; Rueda<\/title>\n<meta name=\"robots\" content=\"index, follow, max-snippet:-1, max-image-preview:large, max-video-preview:-1\" \/>\n<link rel=\"canonical\" href=\"https:\/\/www.araozyrueda.com\/en\/ainhoa-\u200b\u200bveiga-participates-in-iii-international-arbitration-current-perspectives-organized-by-the-uia\/\" \/>\n<meta property=\"og:locale\" content=\"en_US\" \/>\n<meta property=\"og:type\" content=\"article\" \/>\n<meta property=\"og:title\" content=\"Ainhoa \u200b\u200bVeiga participates in &quot;III International Arbitration, Current Perspectives&quot; organized by the UIA - Araoz &amp; Rueda\" \/>\n<meta property=\"og:description\" content=\"Nuestra socia Ainhoa Veiga participa en el tercer &#8220;Arbitraje Internacional, Perspectivas Actuales&#8221; organizado por la UIA\u00a0en colaboraci\u00f3n con el Ilustre Colegio de la Abogac\u00eda de Bizkaia y con el especial patrocinio de la Corte Civil y Mercantil de Arbitraje (CIMA). Ainhoa ser\u00e1 la encargada de moderar una mesa de debate sobre el arbitraje en materia [&hellip;]\" \/>\n<meta property=\"og:url\" content=\"https:\/\/www.araozyrueda.com\/en\/ainhoa-\u200b\u200bveiga-participates-in-iii-international-arbitration-current-perspectives-organized-by-the-uia\/\" \/>\n<meta property=\"og:site_name\" content=\"Araoz &amp; Rueda\" \/>\n<meta property=\"article:published_time\" content=\"2019-01-24T14:58:20+00:00\" \/>\n<meta property=\"article:modified_time\" content=\"2019-04-05T08:09:58+00:00\" \/>\n<meta name=\"author\" content=\"Angela Barco\" \/>\n<meta name=\"twitter:card\" content=\"summary_large_image\" \/>\n<meta name=\"twitter:label1\" content=\"Written by\" \/>\n\t<meta name=\"twitter:data1\" content=\"Angela Barco\" \/>\n\t<meta name=\"twitter:label2\" content=\"Est. reading time\" \/>\n\t<meta name=\"twitter:data2\" content=\"1 minute\" \/>\n<script type=\"application\/ld+json\" class=\"yoast-schema-graph\">{\"@context\":\"https:\\\/\\\/schema.org\",\"@graph\":[{\"@type\":\"Article\",\"@id\":\"https:\\\/\\\/www.araozyrueda.com\\\/en\\\/ainhoa-%e2%80%8b%e2%80%8bveiga-participates-in-iii-international-arbitration-current-perspectives-organized-by-the-uia\\\/#article\",\"isPartOf\":{\"@id\":\"https:\\\/\\\/www.araozyrueda.com\\\/en\\\/ainhoa-%e2%80%8b%e2%80%8bveiga-participates-in-iii-international-arbitration-current-perspectives-organized-by-the-uia\\\/\"},\"author\":{\"name\":\"Angela Barco\",\"@id\":\"https:\\\/\\\/www.araozyrueda.com\\\/#\\\/schema\\\/person\\\/37a55bd564b169de0dd429982b183db3\"},\"headline\":\"Ainhoa \u200b\u200bVeiga participates in &#8220;III International Arbitration, Current Perspectives&#8221; organized by the UIA\",\"datePublished\":\"2019-01-24T14:58:20+00:00\",\"dateModified\":\"2019-04-05T08:09:58+00:00\",\"mainEntityOfPage\":{\"@id\":\"https:\\\/\\\/www.araozyrueda.com\\\/en\\\/ainhoa-%e2%80%8b%e2%80%8bveiga-participates-in-iii-international-arbitration-current-perspectives-organized-by-the-uia\\\/\"},\"wordCount\":215,\"commentCount\":0,\"keywords\":[\"arbitraje\"],\"articleSection\":[\"Araoz &amp; Rueda\"],\"inLanguage\":\"en-US\",\"potentialAction\":[{\"@type\":\"CommentAction\",\"name\":\"Comment\",\"target\":[\"https:\\\/\\\/www.araozyrueda.com\\\/en\\\/ainhoa-%e2%80%8b%e2%80%8bveiga-participates-in-iii-international-arbitration-current-perspectives-organized-by-the-uia\\\/#respond\"]}]},{\"@type\":\"WebPage\",\"@id\":\"https:\\\/\\\/www.araozyrueda.com\\\/en\\\/ainhoa-%e2%80%8b%e2%80%8bveiga-participates-in-iii-international-arbitration-current-perspectives-organized-by-the-uia\\\/\",\"url\":\"https:\\\/\\\/www.araozyrueda.com\\\/en\\\/ainhoa-%e2%80%8b%e2%80%8bveiga-participates-in-iii-international-arbitration-current-perspectives-organized-by-the-uia\\\/\",\"name\":\"Ainhoa \u200b\u200bVeiga participates in \\\"III International Arbitration, Current Perspectives\\\" organized by the UIA - Araoz &amp; Rueda\",\"isPartOf\":{\"@id\":\"https:\\\/\\\/www.araozyrueda.com\\\/#website\"},\"datePublished\":\"2019-01-24T14:58:20+00:00\",\"dateModified\":\"2019-04-05T08:09:58+00:00\",\"author\":{\"@id\":\"https:\\\/\\\/www.araozyrueda.com\\\/#\\\/schema\\\/person\\\/37a55bd564b169de0dd429982b183db3\"},\"breadcrumb\":{\"@id\":\"https:\\\/\\\/www.araozyrueda.com\\\/en\\\/ainhoa-%e2%80%8b%e2%80%8bveiga-participates-in-iii-international-arbitration-current-perspectives-organized-by-the-uia\\\/#breadcrumb\"},\"inLanguage\":\"en-US\",\"potentialAction\":[{\"@type\":\"ReadAction\",\"target\":[\"https:\\\/\\\/www.araozyrueda.com\\\/en\\\/ainhoa-%e2%80%8b%e2%80%8bveiga-participates-in-iii-international-arbitration-current-perspectives-organized-by-the-uia\\\/\"]}]},{\"@type\":\"BreadcrumbList\",\"@id\":\"https:\\\/\\\/www.araozyrueda.com\\\/en\\\/ainhoa-%e2%80%8b%e2%80%8bveiga-participates-in-iii-international-arbitration-current-perspectives-organized-by-the-uia\\\/#breadcrumb\",\"itemListElement\":[{\"@type\":\"ListItem\",\"position\":1,\"name\":\"Home\",\"item\":\"https:\\\/\\\/www.araozyrueda.com\\\/en\\\/\"},{\"@type\":\"ListItem\",\"position\":2,\"name\":\"Ainhoa \u200b\u200bVeiga participates in &#8220;III International Arbitration, Current Perspectives&#8221; organized by the UIA\"}]},{\"@type\":\"WebSite\",\"@id\":\"https:\\\/\\\/www.araozyrueda.com\\\/#website\",\"url\":\"https:\\\/\\\/www.araozyrueda.com\\\/\",\"name\":\"Araoz &amp; Rueda\",\"description\":\"Abogados expertos en Fusiones y Adquisiciones y Capital Riesgo\",\"potentialAction\":[{\"@type\":\"SearchAction\",\"target\":{\"@type\":\"EntryPoint\",\"urlTemplate\":\"https:\\\/\\\/www.araozyrueda.com\\\/?s={search_term_string}\"},\"query-input\":{\"@type\":\"PropertyValueSpecification\",\"valueRequired\":true,\"valueName\":\"search_term_string\"}}],\"inLanguage\":\"en-US\"},{\"@type\":\"Person\",\"@id\":\"https:\\\/\\\/www.araozyrueda.com\\\/#\\\/schema\\\/person\\\/37a55bd564b169de0dd429982b183db3\",\"name\":\"Angela Barco\",\"image\":{\"@type\":\"ImageObject\",\"inLanguage\":\"en-US\",\"@id\":\"https:\\\/\\\/secure.gravatar.com\\\/avatar\\\/d119e49085b90a8a465ebbeacc2e914a9fc73589ed6206bc2bbd03a541cbdcf6?s=96&d=mm&r=g\",\"url\":\"https:\\\/\\\/secure.gravatar.com\\\/avatar\\\/d119e49085b90a8a465ebbeacc2e914a9fc73589ed6206bc2bbd03a541cbdcf6?s=96&d=mm&r=g\",\"contentUrl\":\"https:\\\/\\\/secure.gravatar.com\\\/avatar\\\/d119e49085b90a8a465ebbeacc2e914a9fc73589ed6206bc2bbd03a541cbdcf6?s=96&d=mm&r=g\",\"caption\":\"Angela Barco\"},\"url\":\"https:\\\/\\\/www.araozyrueda.com\\\/en\\\/author\\\/angela\\\/\"}]}<\/script>\n<!-- \/ Yoast SEO plugin. -->","yoast_head_json":{"title":"Ainhoa \u200b\u200bVeiga participates in \"III International Arbitration, Current Perspectives\" organized by the UIA - Araoz &amp; Rueda","robots":{"index":"index","follow":"follow","max-snippet":"max-snippet:-1","max-image-preview":"max-image-preview:large","max-video-preview":"max-video-preview:-1"},"canonical":"https:\/\/www.araozyrueda.com\/en\/ainhoa-\u200b\u200bveiga-participates-in-iii-international-arbitration-current-perspectives-organized-by-the-uia\/","og_locale":"en_US","og_type":"article","og_title":"Ainhoa \u200b\u200bVeiga participates in \"III International Arbitration, Current Perspectives\" organized by the UIA - Araoz &amp; Rueda","og_description":"Nuestra socia Ainhoa Veiga participa en el tercer &#8220;Arbitraje Internacional, Perspectivas Actuales&#8221; organizado por la UIA\u00a0en colaboraci\u00f3n con el Ilustre Colegio de la Abogac\u00eda de Bizkaia y con el especial patrocinio de la Corte Civil y Mercantil de Arbitraje (CIMA). Ainhoa ser\u00e1 la encargada de moderar una mesa de debate sobre el arbitraje en materia [&hellip;]","og_url":"https:\/\/www.araozyrueda.com\/en\/ainhoa-\u200b\u200bveiga-participates-in-iii-international-arbitration-current-perspectives-organized-by-the-uia\/","og_site_name":"Araoz &amp; Rueda","article_published_time":"2019-01-24T14:58:20+00:00","article_modified_time":"2019-04-05T08:09:58+00:00","author":"Angela Barco","twitter_card":"summary_large_image","twitter_misc":{"Written by":"Angela Barco","Est. reading time":"1 minute"},"schema":{"@context":"https:\/\/schema.org","@graph":[{"@type":"Article","@id":"https:\/\/www.araozyrueda.com\/en\/ainhoa-%e2%80%8b%e2%80%8bveiga-participates-in-iii-international-arbitration-current-perspectives-organized-by-the-uia\/#article","isPartOf":{"@id":"https:\/\/www.araozyrueda.com\/en\/ainhoa-%e2%80%8b%e2%80%8bveiga-participates-in-iii-international-arbitration-current-perspectives-organized-by-the-uia\/"},"author":{"name":"Angela Barco","@id":"https:\/\/www.araozyrueda.com\/#\/schema\/person\/37a55bd564b169de0dd429982b183db3"},"headline":"Ainhoa \u200b\u200bVeiga participates in &#8220;III International Arbitration, Current Perspectives&#8221; organized by the UIA","datePublished":"2019-01-24T14:58:20+00:00","dateModified":"2019-04-05T08:09:58+00:00","mainEntityOfPage":{"@id":"https:\/\/www.araozyrueda.com\/en\/ainhoa-%e2%80%8b%e2%80%8bveiga-participates-in-iii-international-arbitration-current-perspectives-organized-by-the-uia\/"},"wordCount":215,"commentCount":0,"keywords":["arbitraje"],"articleSection":["Araoz &amp; Rueda"],"inLanguage":"en-US","potentialAction":[{"@type":"CommentAction","name":"Comment","target":["https:\/\/www.araozyrueda.com\/en\/ainhoa-%e2%80%8b%e2%80%8bveiga-participates-in-iii-international-arbitration-current-perspectives-organized-by-the-uia\/#respond"]}]},{"@type":"WebPage","@id":"https:\/\/www.araozyrueda.com\/en\/ainhoa-%e2%80%8b%e2%80%8bveiga-participates-in-iii-international-arbitration-current-perspectives-organized-by-the-uia\/","url":"https:\/\/www.araozyrueda.com\/en\/ainhoa-%e2%80%8b%e2%80%8bveiga-participates-in-iii-international-arbitration-current-perspectives-organized-by-the-uia\/","name":"Ainhoa \u200b\u200bVeiga participates in \"III International Arbitration, Current Perspectives\" organized by the UIA - Araoz &amp; Rueda","isPartOf":{"@id":"https:\/\/www.araozyrueda.com\/#website"},"datePublished":"2019-01-24T14:58:20+00:00","dateModified":"2019-04-05T08:09:58+00:00","author":{"@id":"https:\/\/www.araozyrueda.com\/#\/schema\/person\/37a55bd564b169de0dd429982b183db3"},"breadcrumb":{"@id":"https:\/\/www.araozyrueda.com\/en\/ainhoa-%e2%80%8b%e2%80%8bveiga-participates-in-iii-international-arbitration-current-perspectives-organized-by-the-uia\/#breadcrumb"},"inLanguage":"en-US","potentialAction":[{"@type":"ReadAction","target":["https:\/\/www.araozyrueda.com\/en\/ainhoa-%e2%80%8b%e2%80%8bveiga-participates-in-iii-international-arbitration-current-perspectives-organized-by-the-uia\/"]}]},{"@type":"BreadcrumbList","@id":"https:\/\/www.araozyrueda.com\/en\/ainhoa-%e2%80%8b%e2%80%8bveiga-participates-in-iii-international-arbitration-current-perspectives-organized-by-the-uia\/#breadcrumb","itemListElement":[{"@type":"ListItem","position":1,"name":"Home","item":"https:\/\/www.araozyrueda.com\/en\/"},{"@type":"ListItem","position":2,"name":"Ainhoa \u200b\u200bVeiga participates in &#8220;III International Arbitration, Current Perspectives&#8221; organized by the UIA"}]},{"@type":"WebSite","@id":"https:\/\/www.araozyrueda.com\/#website","url":"https:\/\/www.araozyrueda.com\/","name":"Araoz &amp; Rueda","description":"Abogados expertos en Fusiones y Adquisiciones y Capital Riesgo","potentialAction":[{"@type":"SearchAction","target":{"@type":"EntryPoint","urlTemplate":"https:\/\/www.araozyrueda.com\/?s={search_term_string}"},"query-input":{"@type":"PropertyValueSpecification","valueRequired":true,"valueName":"search_term_string"}}],"inLanguage":"en-US"},{"@type":"Person","@id":"https:\/\/www.araozyrueda.com\/#\/schema\/person\/37a55bd564b169de0dd429982b183db3","name":"Angela Barco","image":{"@type":"ImageObject","inLanguage":"en-US","@id":"https:\/\/secure.gravatar.com\/avatar\/d119e49085b90a8a465ebbeacc2e914a9fc73589ed6206bc2bbd03a541cbdcf6?s=96&d=mm&r=g","url":"https:\/\/secure.gravatar.com\/avatar\/d119e49085b90a8a465ebbeacc2e914a9fc73589ed6206bc2bbd03a541cbdcf6?s=96&d=mm&r=g","contentUrl":"https:\/\/secure.gravatar.com\/avatar\/d119e49085b90a8a465ebbeacc2e914a9fc73589ed6206bc2bbd03a541cbdcf6?s=96&d=mm&r=g","caption":"Angela Barco"},"url":"https:\/\/www.araozyrueda.com\/en\/author\/angela\/"}]}},"_links":{"self":[{"href":"https:\/\/www.araozyrueda.com\/en\/wp-json\/wp\/v2\/posts\/15191","targetHints":{"allow":["GET"]}}],"collection":[{"href":"https:\/\/www.araozyrueda.com\/en\/wp-json\/wp\/v2\/posts"}],"about":[{"href":"https:\/\/www.araozyrueda.com\/en\/wp-json\/wp\/v2\/types\/post"}],"author":[{"embeddable":true,"href":"https:\/\/www.araozyrueda.com\/en\/wp-json\/wp\/v2\/users\/5"}],"replies":[{"embeddable":true,"href":"https:\/\/www.araozyrueda.com\/en\/wp-json\/wp\/v2\/comments?post=15191"}],"version-history":[{"count":0,"href":"https:\/\/www.araozyrueda.com\/en\/wp-json\/wp\/v2\/posts\/15191\/revisions"}],"wp:attachment":[{"href":"https:\/\/www.araozyrueda.com\/en\/wp-json\/wp\/v2\/media?parent=15191"}],"wp:term":[{"taxonomy":"category","embeddable":true,"href":"https:\/\/www.araozyrueda.com\/en\/wp-json\/wp\/v2\/categories?post=15191"},{"taxonomy":"post_tag","embeddable":true,"href":"https:\/\/www.araozyrueda.com\/en\/wp-json\/wp\/v2\/tags?post=15191"},{"taxonomy":"abogado","embeddable":true,"href":"https:\/\/www.araozyrueda.com\/en\/wp-json\/wp\/v2\/abogado?post=15191"},{"taxonomy":"area","embeddable":true,"href":"https:\/\/www.araozyrueda.com\/en\/wp-json\/wp\/v2\/area?post=15191"}],"curies":[{"name":"wp","href":"https:\/\/api.w.org\/{rel}","templated":true}]}}