{"id":11742,"date":"2018-02-21T13:50:48","date_gmt":"2018-02-21T13:50:48","guid":{"rendered":"https:\/\/www.araozyrueda.com\/?p=11742"},"modified":"2018-05-09T13:59:32","modified_gmt":"2018-05-09T13:59:32","slug":"ainhoa-%e2%80%8b%e2%80%8bveiga-participates-in-the-conference-in-which-office-do-i-want-to-work-in-ieb","status":"publish","type":"post","link":"https:\/\/www.araozyrueda.com\/en\/ainhoa-%e2%80%8b%e2%80%8bveiga-participates-in-the-conference-in-which-office-do-i-want-to-work-in-ieb\/","title":{"rendered":"Ainhoa \u200b\u200bVeiga participates in the conference &#8220;In which office do I want to work?&#8221; in IEB"},"content":{"rendered":"<p><img fetchpriority=\"high\" decoding=\"async\" class=\"ainhoa veiga ieb alignright wp-image-10476 size-medium\" title=\"ainhoa veiga ieb\" src=\"https:\/\/www.araozyrueda.com\/wp-content\/uploads\/2018\/02\/ieb-ainhoa-veiga-300x173.png\" alt=\"ainhoa veiga ieb\" width=\"300\" height=\"173\" srcset=\"https:\/\/www.araozyrueda.com\/wp-content\/uploads\/2018\/02\/ieb-ainhoa-veiga-300x173.png 300w, https:\/\/www.araozyrueda.com\/wp-content\/uploads\/2018\/02\/ieb-ainhoa-veiga.png 539w\" sizes=\"(max-width: 300px) 100vw, 300px\" \/>Nuestra socia abogada <strong><a href=\"https:\/\/www.araozyrueda.com\/team\/ainhoa-veiga-1\/\" target=\"_blank\" rel=\"noopener\">Ainhoa Veiga<\/a><\/strong> participa como ponente en la conferencia <em>\u201c\u00bfEn qu\u00e9 despacho quieres trabajar?\u201d<\/em>, que se celebra el 21 de febrero, a partir de las 19 horas, en la sede del Instituto de Estudios Burs\u00e1tiles (IEB) de Madrid.<\/p>\n<p>En la conferencia, que estar\u00e1 moderada por <strong>Lidia Zommer<\/strong>, profesora de Comunicaci\u00f3n y Marketing jur\u00eddico en el IEB, tambi\u00e9n participar\u00e1n como ponentes el socio director de Dentons en Madrid, <strong>Jos\u00e9 Mar\u00eda Bruxeda<\/strong>; la socia de G\u00f3mez-Acebo &amp; Pombo, <strong>Ver\u00f3nica Roman\u00ed<\/strong>; y el presidente de Garayar Abogados, <strong>Emiliano Garayar<\/strong>.<\/p>\n<p>En las ponencias se abordar\u00e1n, entre otras cuestiones, los modelos de negocio de los despachos de abogados y sus propuestas de valor, los tipos de clientes, la formaci\u00f3n interna, la conciliaci\u00f3n o la comunicaci\u00f3n interna de los bufetes, desde el punto de vista de socios de despachos con diferentes estrategias y culturas.<\/p>\n<p>Los estudiantes de la escuela, futuros profesionales de la abogac\u00eda, podr\u00e1n conocer de primera mano las oportunidades que ofrecen reconocidas firmas de abogados y las exigencias actuales del sector legal.<\/p>\n<p>El aforo es limitado y para inscribirse es necesario dirigirse a la direcci\u00f3n de correo electr\u00f3nico <a href=\"mailto:posgrado@ieb.es\">posgrado@ieb.es<\/a><\/p>\n<p><strong>Araoz &amp; Rueda<\/strong><\/p>\n","protected":false},"excerpt":{"rendered":"<p>Nuestra socia abogada Ainhoa Veiga participa como ponente en la conferencia \u201c\u00bfEn qu\u00e9 despacho quieres trabajar?\u201d, que se celebra el 21 de febrero, a partir de las 19 horas, en la sede del Instituto de Estudios Burs\u00e1tiles (IEB) de Madrid. En la conferencia, que estar\u00e1 moderada por Lidia Zommer, profesora de Comunicaci\u00f3n y Marketing jur\u00eddico [&hellip;]<\/p>\n","protected":false},"author":4,"featured_media":0,"comment_status":"open","ping_status":"open","sticky":false,"template":"","format":"standard","meta":{"_acf_changed":false,"footnotes":""},"categories":[6],"tags":[],"abogado":[],"area":[],"class_list":["post-11742","post","type-post","status-publish","format-standard","hentry","category-araoz-rueda"],"acf":[],"yoast_head":"<!-- This site is optimized with the Yoast SEO plugin v27.4 - https:\/\/yoast.com\/product\/yoast-seo-wordpress\/ -->\n<title>Ainhoa \u200b\u200bVeiga participates in the conference &quot;In which office do I want to work?&quot; in IEB - Araoz &amp; Rueda<\/title>\n<meta name=\"robots\" content=\"index, follow, max-snippet:-1, max-image-preview:large, max-video-preview:-1\" \/>\n<link rel=\"canonical\" href=\"https:\/\/www.araozyrueda.com\/en\/ainhoa-\u200b\u200bveiga-participates-in-the-conference-in-which-office-do-i-want-to-work-in-ieb\/\" \/>\n<meta property=\"og:locale\" content=\"en_US\" \/>\n<meta property=\"og:type\" content=\"article\" \/>\n<meta property=\"og:title\" content=\"Ainhoa \u200b\u200bVeiga participates in the conference &quot;In which office do I want to work?&quot; in IEB - Araoz &amp; Rueda\" \/>\n<meta property=\"og:description\" content=\"Nuestra socia abogada Ainhoa Veiga participa como ponente en la conferencia \u201c\u00bfEn qu\u00e9 despacho quieres trabajar?\u201d, que se celebra el 21 de febrero, a partir de las 19 horas, en la sede del Instituto de Estudios Burs\u00e1tiles (IEB) de Madrid. En la conferencia, que estar\u00e1 moderada por Lidia Zommer, profesora de Comunicaci\u00f3n y Marketing jur\u00eddico [&hellip;]\" \/>\n<meta property=\"og:url\" content=\"https:\/\/www.araozyrueda.com\/en\/ainhoa-\u200b\u200bveiga-participates-in-the-conference-in-which-office-do-i-want-to-work-in-ieb\/\" \/>\n<meta property=\"og:site_name\" content=\"Araoz &amp; Rueda\" \/>\n<meta property=\"article:published_time\" content=\"2018-02-21T13:50:48+00:00\" \/>\n<meta property=\"article:modified_time\" content=\"2018-05-09T13:59:32+00:00\" \/>\n<meta property=\"og:image\" content=\"https:\/\/www.araozyrueda.com\/wp-content\/uploads\/2018\/02\/ieb-ainhoa-veiga-300x173.png\" \/>\n<meta name=\"author\" content=\"Richard\" \/>\n<meta name=\"twitter:card\" content=\"summary_large_image\" \/>\n<meta name=\"twitter:label1\" content=\"Written by\" \/>\n\t<meta name=\"twitter:data1\" content=\"Richard\" \/>\n\t<meta name=\"twitter:label2\" content=\"Est. reading time\" \/>\n\t<meta name=\"twitter:data2\" content=\"1 minute\" \/>\n<script type=\"application\/ld+json\" class=\"yoast-schema-graph\">{\"@context\":\"https:\\\/\\\/schema.org\",\"@graph\":[{\"@type\":\"Article\",\"@id\":\"https:\\\/\\\/www.araozyrueda.com\\\/en\\\/ainhoa-%e2%80%8b%e2%80%8bveiga-participates-in-the-conference-in-which-office-do-i-want-to-work-in-ieb\\\/#article\",\"isPartOf\":{\"@id\":\"https:\\\/\\\/www.araozyrueda.com\\\/en\\\/ainhoa-%e2%80%8b%e2%80%8bveiga-participates-in-the-conference-in-which-office-do-i-want-to-work-in-ieb\\\/\"},\"author\":{\"name\":\"Richard\",\"@id\":\"https:\\\/\\\/www.araozyrueda.com\\\/#\\\/schema\\\/person\\\/dcb05bbee9703f21c074ed1a7e2ba09e\"},\"headline\":\"Ainhoa \u200b\u200bVeiga participates in the conference &#8220;In which office do I want to work?&#8221; in IEB\",\"datePublished\":\"2018-02-21T13:50:48+00:00\",\"dateModified\":\"2018-05-09T13:59:32+00:00\",\"mainEntityOfPage\":{\"@id\":\"https:\\\/\\\/www.araozyrueda.com\\\/en\\\/ainhoa-%e2%80%8b%e2%80%8bveiga-participates-in-the-conference-in-which-office-do-i-want-to-work-in-ieb\\\/\"},\"wordCount\":222,\"commentCount\":0,\"image\":{\"@id\":\"https:\\\/\\\/www.araozyrueda.com\\\/en\\\/ainhoa-%e2%80%8b%e2%80%8bveiga-participates-in-the-conference-in-which-office-do-i-want-to-work-in-ieb\\\/#primaryimage\"},\"thumbnailUrl\":\"https:\\\/\\\/www.araozyrueda.com\\\/wp-content\\\/uploads\\\/2018\\\/02\\\/ieb-ainhoa-veiga-300x173.png\",\"articleSection\":[\"Araoz &amp; Rueda\"],\"inLanguage\":\"en-US\",\"potentialAction\":[{\"@type\":\"CommentAction\",\"name\":\"Comment\",\"target\":[\"https:\\\/\\\/www.araozyrueda.com\\\/en\\\/ainhoa-%e2%80%8b%e2%80%8bveiga-participates-in-the-conference-in-which-office-do-i-want-to-work-in-ieb\\\/#respond\"]}]},{\"@type\":\"WebPage\",\"@id\":\"https:\\\/\\\/www.araozyrueda.com\\\/en\\\/ainhoa-%e2%80%8b%e2%80%8bveiga-participates-in-the-conference-in-which-office-do-i-want-to-work-in-ieb\\\/\",\"url\":\"https:\\\/\\\/www.araozyrueda.com\\\/en\\\/ainhoa-%e2%80%8b%e2%80%8bveiga-participates-in-the-conference-in-which-office-do-i-want-to-work-in-ieb\\\/\",\"name\":\"Ainhoa \u200b\u200bVeiga participates in the conference \\\"In which office do I want to work?\\\" in IEB - Araoz &amp; Rueda\",\"isPartOf\":{\"@id\":\"https:\\\/\\\/www.araozyrueda.com\\\/#website\"},\"primaryImageOfPage\":{\"@id\":\"https:\\\/\\\/www.araozyrueda.com\\\/en\\\/ainhoa-%e2%80%8b%e2%80%8bveiga-participates-in-the-conference-in-which-office-do-i-want-to-work-in-ieb\\\/#primaryimage\"},\"image\":{\"@id\":\"https:\\\/\\\/www.araozyrueda.com\\\/en\\\/ainhoa-%e2%80%8b%e2%80%8bveiga-participates-in-the-conference-in-which-office-do-i-want-to-work-in-ieb\\\/#primaryimage\"},\"thumbnailUrl\":\"https:\\\/\\\/www.araozyrueda.com\\\/wp-content\\\/uploads\\\/2018\\\/02\\\/ieb-ainhoa-veiga-300x173.png\",\"datePublished\":\"2018-02-21T13:50:48+00:00\",\"dateModified\":\"2018-05-09T13:59:32+00:00\",\"author\":{\"@id\":\"https:\\\/\\\/www.araozyrueda.com\\\/#\\\/schema\\\/person\\\/dcb05bbee9703f21c074ed1a7e2ba09e\"},\"breadcrumb\":{\"@id\":\"https:\\\/\\\/www.araozyrueda.com\\\/en\\\/ainhoa-%e2%80%8b%e2%80%8bveiga-participates-in-the-conference-in-which-office-do-i-want-to-work-in-ieb\\\/#breadcrumb\"},\"inLanguage\":\"en-US\",\"potentialAction\":[{\"@type\":\"ReadAction\",\"target\":[\"https:\\\/\\\/www.araozyrueda.com\\\/en\\\/ainhoa-%e2%80%8b%e2%80%8bveiga-participates-in-the-conference-in-which-office-do-i-want-to-work-in-ieb\\\/\"]}]},{\"@type\":\"ImageObject\",\"inLanguage\":\"en-US\",\"@id\":\"https:\\\/\\\/www.araozyrueda.com\\\/en\\\/ainhoa-%e2%80%8b%e2%80%8bveiga-participates-in-the-conference-in-which-office-do-i-want-to-work-in-ieb\\\/#primaryimage\",\"url\":\"https:\\\/\\\/www.araozyrueda.com\\\/wp-content\\\/uploads\\\/2018\\\/02\\\/ieb-ainhoa-veiga-300x173.png\",\"contentUrl\":\"https:\\\/\\\/www.araozyrueda.com\\\/wp-content\\\/uploads\\\/2018\\\/02\\\/ieb-ainhoa-veiga-300x173.png\"},{\"@type\":\"BreadcrumbList\",\"@id\":\"https:\\\/\\\/www.araozyrueda.com\\\/en\\\/ainhoa-%e2%80%8b%e2%80%8bveiga-participates-in-the-conference-in-which-office-do-i-want-to-work-in-ieb\\\/#breadcrumb\",\"itemListElement\":[{\"@type\":\"ListItem\",\"position\":1,\"name\":\"Home\",\"item\":\"https:\\\/\\\/www.araozyrueda.com\\\/en\\\/\"},{\"@type\":\"ListItem\",\"position\":2,\"name\":\"Ainhoa \u200b\u200bVeiga participates in the conference &#8220;In which office do I want to work?&#8221; in IEB\"}]},{\"@type\":\"WebSite\",\"@id\":\"https:\\\/\\\/www.araozyrueda.com\\\/#website\",\"url\":\"https:\\\/\\\/www.araozyrueda.com\\\/\",\"name\":\"Araoz &amp; Rueda\",\"description\":\"Abogados expertos en Fusiones y Adquisiciones y Capital Riesgo\",\"potentialAction\":[{\"@type\":\"SearchAction\",\"target\":{\"@type\":\"EntryPoint\",\"urlTemplate\":\"https:\\\/\\\/www.araozyrueda.com\\\/?s={search_term_string}\"},\"query-input\":{\"@type\":\"PropertyValueSpecification\",\"valueRequired\":true,\"valueName\":\"search_term_string\"}}],\"inLanguage\":\"en-US\"},{\"@type\":\"Person\",\"@id\":\"https:\\\/\\\/www.araozyrueda.com\\\/#\\\/schema\\\/person\\\/dcb05bbee9703f21c074ed1a7e2ba09e\",\"name\":\"Richard\",\"image\":{\"@type\":\"ImageObject\",\"inLanguage\":\"en-US\",\"@id\":\"https:\\\/\\\/secure.gravatar.com\\\/avatar\\\/dd2486a811ecc34bf766b7d8b17d0ea76674186c415867af39660e429e20e1a0?s=96&d=mm&r=g\",\"url\":\"https:\\\/\\\/secure.gravatar.com\\\/avatar\\\/dd2486a811ecc34bf766b7d8b17d0ea76674186c415867af39660e429e20e1a0?s=96&d=mm&r=g\",\"contentUrl\":\"https:\\\/\\\/secure.gravatar.com\\\/avatar\\\/dd2486a811ecc34bf766b7d8b17d0ea76674186c415867af39660e429e20e1a0?s=96&d=mm&r=g\",\"caption\":\"Richard\"},\"url\":\"https:\\\/\\\/www.araozyrueda.com\\\/en\\\/author\\\/richard\\\/\"}]}<\/script>\n<!-- \/ Yoast SEO plugin. -->","yoast_head_json":{"title":"Ainhoa \u200b\u200bVeiga participates in the conference \"In which office do I want to work?\" in IEB - Araoz &amp; Rueda","robots":{"index":"index","follow":"follow","max-snippet":"max-snippet:-1","max-image-preview":"max-image-preview:large","max-video-preview":"max-video-preview:-1"},"canonical":"https:\/\/www.araozyrueda.com\/en\/ainhoa-\u200b\u200bveiga-participates-in-the-conference-in-which-office-do-i-want-to-work-in-ieb\/","og_locale":"en_US","og_type":"article","og_title":"Ainhoa \u200b\u200bVeiga participates in the conference \"In which office do I want to work?\" in IEB - Araoz &amp; Rueda","og_description":"Nuestra socia abogada Ainhoa Veiga participa como ponente en la conferencia \u201c\u00bfEn qu\u00e9 despacho quieres trabajar?\u201d, que se celebra el 21 de febrero, a partir de las 19 horas, en la sede del Instituto de Estudios Burs\u00e1tiles (IEB) de Madrid. En la conferencia, que estar\u00e1 moderada por Lidia Zommer, profesora de Comunicaci\u00f3n y Marketing jur\u00eddico [&hellip;]","og_url":"https:\/\/www.araozyrueda.com\/en\/ainhoa-\u200b\u200bveiga-participates-in-the-conference-in-which-office-do-i-want-to-work-in-ieb\/","og_site_name":"Araoz &amp; Rueda","article_published_time":"2018-02-21T13:50:48+00:00","article_modified_time":"2018-05-09T13:59:32+00:00","og_image":[{"url":"https:\/\/www.araozyrueda.com\/wp-content\/uploads\/2018\/02\/ieb-ainhoa-veiga-300x173.png","type":"","width":"","height":""}],"author":"Richard","twitter_card":"summary_large_image","twitter_misc":{"Written by":"Richard","Est. reading time":"1 minute"},"schema":{"@context":"https:\/\/schema.org","@graph":[{"@type":"Article","@id":"https:\/\/www.araozyrueda.com\/en\/ainhoa-%e2%80%8b%e2%80%8bveiga-participates-in-the-conference-in-which-office-do-i-want-to-work-in-ieb\/#article","isPartOf":{"@id":"https:\/\/www.araozyrueda.com\/en\/ainhoa-%e2%80%8b%e2%80%8bveiga-participates-in-the-conference-in-which-office-do-i-want-to-work-in-ieb\/"},"author":{"name":"Richard","@id":"https:\/\/www.araozyrueda.com\/#\/schema\/person\/dcb05bbee9703f21c074ed1a7e2ba09e"},"headline":"Ainhoa \u200b\u200bVeiga participates in the conference &#8220;In which office do I want to work?&#8221; in IEB","datePublished":"2018-02-21T13:50:48+00:00","dateModified":"2018-05-09T13:59:32+00:00","mainEntityOfPage":{"@id":"https:\/\/www.araozyrueda.com\/en\/ainhoa-%e2%80%8b%e2%80%8bveiga-participates-in-the-conference-in-which-office-do-i-want-to-work-in-ieb\/"},"wordCount":222,"commentCount":0,"image":{"@id":"https:\/\/www.araozyrueda.com\/en\/ainhoa-%e2%80%8b%e2%80%8bveiga-participates-in-the-conference-in-which-office-do-i-want-to-work-in-ieb\/#primaryimage"},"thumbnailUrl":"https:\/\/www.araozyrueda.com\/wp-content\/uploads\/2018\/02\/ieb-ainhoa-veiga-300x173.png","articleSection":["Araoz &amp; Rueda"],"inLanguage":"en-US","potentialAction":[{"@type":"CommentAction","name":"Comment","target":["https:\/\/www.araozyrueda.com\/en\/ainhoa-%e2%80%8b%e2%80%8bveiga-participates-in-the-conference-in-which-office-do-i-want-to-work-in-ieb\/#respond"]}]},{"@type":"WebPage","@id":"https:\/\/www.araozyrueda.com\/en\/ainhoa-%e2%80%8b%e2%80%8bveiga-participates-in-the-conference-in-which-office-do-i-want-to-work-in-ieb\/","url":"https:\/\/www.araozyrueda.com\/en\/ainhoa-%e2%80%8b%e2%80%8bveiga-participates-in-the-conference-in-which-office-do-i-want-to-work-in-ieb\/","name":"Ainhoa \u200b\u200bVeiga participates in the conference \"In which office do I want to work?\" in IEB - Araoz &amp; Rueda","isPartOf":{"@id":"https:\/\/www.araozyrueda.com\/#website"},"primaryImageOfPage":{"@id":"https:\/\/www.araozyrueda.com\/en\/ainhoa-%e2%80%8b%e2%80%8bveiga-participates-in-the-conference-in-which-office-do-i-want-to-work-in-ieb\/#primaryimage"},"image":{"@id":"https:\/\/www.araozyrueda.com\/en\/ainhoa-%e2%80%8b%e2%80%8bveiga-participates-in-the-conference-in-which-office-do-i-want-to-work-in-ieb\/#primaryimage"},"thumbnailUrl":"https:\/\/www.araozyrueda.com\/wp-content\/uploads\/2018\/02\/ieb-ainhoa-veiga-300x173.png","datePublished":"2018-02-21T13:50:48+00:00","dateModified":"2018-05-09T13:59:32+00:00","author":{"@id":"https:\/\/www.araozyrueda.com\/#\/schema\/person\/dcb05bbee9703f21c074ed1a7e2ba09e"},"breadcrumb":{"@id":"https:\/\/www.araozyrueda.com\/en\/ainhoa-%e2%80%8b%e2%80%8bveiga-participates-in-the-conference-in-which-office-do-i-want-to-work-in-ieb\/#breadcrumb"},"inLanguage":"en-US","potentialAction":[{"@type":"ReadAction","target":["https:\/\/www.araozyrueda.com\/en\/ainhoa-%e2%80%8b%e2%80%8bveiga-participates-in-the-conference-in-which-office-do-i-want-to-work-in-ieb\/"]}]},{"@type":"ImageObject","inLanguage":"en-US","@id":"https:\/\/www.araozyrueda.com\/en\/ainhoa-%e2%80%8b%e2%80%8bveiga-participates-in-the-conference-in-which-office-do-i-want-to-work-in-ieb\/#primaryimage","url":"https:\/\/www.araozyrueda.com\/wp-content\/uploads\/2018\/02\/ieb-ainhoa-veiga-300x173.png","contentUrl":"https:\/\/www.araozyrueda.com\/wp-content\/uploads\/2018\/02\/ieb-ainhoa-veiga-300x173.png"},{"@type":"BreadcrumbList","@id":"https:\/\/www.araozyrueda.com\/en\/ainhoa-%e2%80%8b%e2%80%8bveiga-participates-in-the-conference-in-which-office-do-i-want-to-work-in-ieb\/#breadcrumb","itemListElement":[{"@type":"ListItem","position":1,"name":"Home","item":"https:\/\/www.araozyrueda.com\/en\/"},{"@type":"ListItem","position":2,"name":"Ainhoa \u200b\u200bVeiga participates in the conference &#8220;In which office do I want to work?&#8221; in IEB"}]},{"@type":"WebSite","@id":"https:\/\/www.araozyrueda.com\/#website","url":"https:\/\/www.araozyrueda.com\/","name":"Araoz &amp; Rueda","description":"Abogados expertos en Fusiones y Adquisiciones y Capital Riesgo","potentialAction":[{"@type":"SearchAction","target":{"@type":"EntryPoint","urlTemplate":"https:\/\/www.araozyrueda.com\/?s={search_term_string}"},"query-input":{"@type":"PropertyValueSpecification","valueRequired":true,"valueName":"search_term_string"}}],"inLanguage":"en-US"},{"@type":"Person","@id":"https:\/\/www.araozyrueda.com\/#\/schema\/person\/dcb05bbee9703f21c074ed1a7e2ba09e","name":"Richard","image":{"@type":"ImageObject","inLanguage":"en-US","@id":"https:\/\/secure.gravatar.com\/avatar\/dd2486a811ecc34bf766b7d8b17d0ea76674186c415867af39660e429e20e1a0?s=96&d=mm&r=g","url":"https:\/\/secure.gravatar.com\/avatar\/dd2486a811ecc34bf766b7d8b17d0ea76674186c415867af39660e429e20e1a0?s=96&d=mm&r=g","contentUrl":"https:\/\/secure.gravatar.com\/avatar\/dd2486a811ecc34bf766b7d8b17d0ea76674186c415867af39660e429e20e1a0?s=96&d=mm&r=g","caption":"Richard"},"url":"https:\/\/www.araozyrueda.com\/en\/author\/richard\/"}]}},"_links":{"self":[{"href":"https:\/\/www.araozyrueda.com\/en\/wp-json\/wp\/v2\/posts\/11742","targetHints":{"allow":["GET"]}}],"collection":[{"href":"https:\/\/www.araozyrueda.com\/en\/wp-json\/wp\/v2\/posts"}],"about":[{"href":"https:\/\/www.araozyrueda.com\/en\/wp-json\/wp\/v2\/types\/post"}],"author":[{"embeddable":true,"href":"https:\/\/www.araozyrueda.com\/en\/wp-json\/wp\/v2\/users\/4"}],"replies":[{"embeddable":true,"href":"https:\/\/www.araozyrueda.com\/en\/wp-json\/wp\/v2\/comments?post=11742"}],"version-history":[{"count":0,"href":"https:\/\/www.araozyrueda.com\/en\/wp-json\/wp\/v2\/posts\/11742\/revisions"}],"wp:attachment":[{"href":"https:\/\/www.araozyrueda.com\/en\/wp-json\/wp\/v2\/media?parent=11742"}],"wp:term":[{"taxonomy":"category","embeddable":true,"href":"https:\/\/www.araozyrueda.com\/en\/wp-json\/wp\/v2\/categories?post=11742"},{"taxonomy":"post_tag","embeddable":true,"href":"https:\/\/www.araozyrueda.com\/en\/wp-json\/wp\/v2\/tags?post=11742"},{"taxonomy":"abogado","embeddable":true,"href":"https:\/\/www.araozyrueda.com\/en\/wp-json\/wp\/v2\/abogado?post=11742"},{"taxonomy":"area","embeddable":true,"href":"https:\/\/www.araozyrueda.com\/en\/wp-json\/wp\/v2\/area?post=11742"}],"curies":[{"name":"wp","href":"https:\/\/api.w.org\/{rel}","templated":true}]}}